{"id":186,"date":"2015-12-20T21:56:00","date_gmt":"2015-12-20T20:56:00","guid":{"rendered":"http:\/\/dergreg.info\/g-kraftschik\/?p=186"},"modified":"2023-10-10T22:15:08","modified_gmt":"2023-10-10T20:15:08","slug":"ahaidafest-2015-ansfelden-feierte-ein-fest-zum-mitmachen","status":"publish","type":"post","link":"http:\/\/dergreg.info\/g-kraftschik\/2015\/12\/20\/ahaidafest-2015-ansfelden-feierte-ein-fest-zum-mitmachen\/","title":{"rendered":"aHAIDaFEST 2015: Ansfelden feierte ein Fest zum Mitmachen"},"content":{"rendered":"\n<p>Rund 200 gut gelaunte G\u00e4ste feierten am Samstag, 14. November das sechste aHAIDaFEST unter dem Motto \u201eMitmachen, mit dabei sein und dem anderen begegnen\u201c im neuen Stadtzentrum Ansfelden. \u201eWir haben ganz bewusst die Stadtverwaltung als Festort gew\u00e4hlt \u2013 und sind begeistert, dass das Mitmachfest<br>auch heuer so gut besucht war\u201c, so ein erfreuter B\u00fcrgermeister Manfred Baumberger.<\/p>\n\n\n\n<h3 class=\"wp-block-heading\">\u201eGood Vibrations\u201c im Stadtsaal<\/h3>\n\n\n\n<p>Unter der Federf\u00fchrung des Angebotes Ansfelden Miteinander (Verein Wohnplattform) und in  Kooperation mit dem Treffpunkt mensch &amp; arbeit Nettingsdorf und der Stadt Ansfelden gab es Angebote zum Mitmachen und Dabeisein: Nach einem kraftvollen Auftritt der Kinder der Volks- und Neuen Mittelschule Ansfelden brachten Rubija Begic mit Bollywoodt\u00e4nzen und die Damen von \u201eTanzen ab der<br>Lebensmitte\u201c mit Linedance zum Mitmachen den Festsaal im neuen Stadtzentrum wortw\u00f6rtlich in gute<br>Schwingungen. Platz zum Selbst-aktiv-Werden und \u201eMitspielen\u201c boten der Improtheater-Workshop von Klaudia und Wolfgang Hones, der Buttonworkshop vom Jugendzentrum \u201eCheers\u201c mit Oskar Angerbauer, Kinderschminken mit Tanja Eder und die Bastelecke der Kinderfreunde Ansfelden mit Yvonne Ilich. Lachyoga mit Sabine Reichsthaler und die mehrsprachige Leseecke in der Stadtbibliothek mit Waltraud Schinko und Nama Kenedy rundeten das Angebot ab.<\/p>\n\n\n\n<h3 class=\"wp-block-heading\">Fotoecke buntHAID f\u00fcr Ansfelden<\/h3>\n\n\n\n<p>Der Renner des Festes war sicherlich die Fotoecke, die das Team des Jugendzentrums \u201eEcho\u201c betreute. Zu essen und trinken gab es auch: Die engagierten Damen der Goldhaubengruppe Haid verw\u00f6hnten mit selbstgemachten Strudeln aller Art. Auch die Br\u00fccken~bauer~innen (allen voran: Mehmet Peker) waren aktiv und servierten Chai und Kekse. Wie schon die Jahre zuvor begleitete auch heuer Vizeb\u00fcrgermeisterin Renate Heitz das rauschende Fest als Moderatorin.<\/p>\n\n\n\n<p>Erschienen in: Ansfeldner Gemeindenachrichten, Nummer 760\/Dezember 2015<\/p>\n","protected":false},"excerpt":{"rendered":"<p>Ansfelden investierte ab 2014 in gutes Zusammenleben. Als Referent f\u00fcr kommunales Zusammenleben verfasste ich auch f\u00fcr die Ansfeldner Gemeindenachrichten einen Bericht \u00fcber das Mitmach-Fest &#8222;aHAIDaFEST&#8220; im November 2015.<\/p>\n","protected":false},"author":1,"featured_media":0,"comment_status":"closed","ping_status":"open","sticky":false,"template":"","format":"standard","meta":{"footnotes":""},"categories":[3],"tags":[],"class_list":["post-186","post","type-post","status-publish","format-standard","hentry","category-wort"],"_links":{"self":[{"href":"http:\/\/dergreg.info\/g-kraftschik\/wp-json\/wp\/v2\/posts\/186","targetHints":{"allow":["GET"]}}],"collection":[{"href":"http:\/\/dergreg.info\/g-kraftschik\/wp-json\/wp\/v2\/posts"}],"about":[{"href":"http:\/\/dergreg.info\/g-kraftschik\/wp-json\/wp\/v2\/types\/post"}],"author":[{"embeddable":true,"href":"http:\/\/dergreg.info\/g-kraftschik\/wp-json\/wp\/v2\/users\/1"}],"replies":[{"embeddable":true,"href":"http:\/\/dergreg.info\/g-kraftschik\/wp-json\/wp\/v2\/comments?post=186"}],"version-history":[{"count":3,"href":"http:\/\/dergreg.info\/g-kraftschik\/wp-json\/wp\/v2\/posts\/186\/revisions"}],"predecessor-version":[{"id":193,"href":"http:\/\/dergreg.info\/g-kraftschik\/wp-json\/wp\/v2\/posts\/186\/revisions\/193"}],"wp:attachment":[{"href":"http:\/\/dergreg.info\/g-kraftschik\/wp-json\/wp\/v2\/media?parent=186"}],"wp:term":[{"taxonomy":"category","embeddable":true,"href":"http:\/\/dergreg.info\/g-kraftschik\/wp-json\/wp\/v2\/categories?post=186"},{"taxonomy":"post_tag","embeddable":true,"href":"http:\/\/dergreg.info\/g-kraftschik\/wp-json\/wp\/v2\/tags?post=186"}],"curies":[{"name":"wp","href":"https:\/\/api.w.org\/{rel}","templated":true}]}}