{"id":182,"date":"2014-07-01T21:37:00","date_gmt":"2014-07-01T19:37:00","guid":{"rendered":"http:\/\/dergreg.info\/g-kraftschik\/?p=182"},"modified":"2023-10-10T22:15:57","modified_gmt":"2023-10-10T20:15:57","slug":"einander-gut-verstehen-koennen-deutschkurse-in-ansfelden","status":"publish","type":"post","link":"http:\/\/dergreg.info\/g-kraftschik\/2014\/07\/01\/einander-gut-verstehen-koennen-deutschkurse-in-ansfelden\/","title":{"rendered":"Einander gut verstehen k\u00f6nnen \u2013 Deutschkurse in Ansfelden"},"content":{"rendered":"\n<p><strong>\u201eIch spreche Finnisch, Franz\u00f6sisch, T\u00fcrkisch und auch noch Deutsch\u201c<\/strong><\/p>\n\n\n\n<p>In Ansfelden leben Menschen, die viele Sprachen sprechen. Um sie dabei zu unterst\u00fctzen, die deutsche Sprache zu erlernen, bietet die Volkshochschule Ansfelden Deutsch-Integrationskurse an. Damit erweitern die Kursbesucher\/-innen ihren Sprachschatz. Sie schaffen damit f\u00fcr sich und ihre Umwelt neue  M\u00f6glichkeiten der Verst\u00e4ndigung und Mitgestaltung. Vielsprachigkeit bietet Chancen \u201eIn der Arbeitsgruppe Bildung war es uns von Anfang an ein Anliegen, Menschen die Chance zu bieten, zus\u00e4tzlich Deutsch in Ansfelden zu lernen. Die Sprache, die von vielen Menschen vor Ort gesprochen wird zu beherrschen ist das Um und Auf, wenn es um gutes Zusammenleben geht. Mit der Volkshochschule Ansfelden haben wir hier eine kompetente Bildungsanbieterin vor Ort\u201c, freut sich Vizeb\u00fcrgermeisterin Andrea Hettich. B\u00fcrgermeister Manfred Baumberger erg\u00e4nzt: \u201eAls Stadt ist es uns wichtig, dass Menschen,<br>die sich weiterbilden wollen, gute Angebote in der Stadt vorfinden. Viele Sprachen zu sprechen er\u00f6ffnet neue Wege. Zus\u00e4tzlich schafft es die Basis f\u00fcr Austausch zwischen Menschen.\u201c <\/p>\n\n\n\n<h3 class=\"wp-block-heading\">G\u00fcnstige Kurse zu flexiblen Zeiten <\/h3>\n\n\n\n<p>Das vierstufige Kurssystem der Volkshochschule erm\u00f6glicht den Teilnehmern\/-innen, innerhalb kurzer Zeit<br>einen Nachweis \u00fcber die Sprachkenntnisse zu erwerben. Dieser wird f\u00fcr die Integrationsvereinbarung des Innenministeriums angerechnet. Die Kurse sind aufgrund von F\u00f6rderungen preislich g\u00fcnstig. Das Beratungsteam der Volkshochschule Ansfelden hilft dabei, den richtigen Kurs zu finden. \u201eWir sind uns bewusst, dass flexible Lebensmodelle flexible Kurse erfordern. Darum bieten wir sowohl Tages- als auch Abendkurse an\u201c, so Edith Schauflinger, die Nebenstellenleiterin der Volkshochschule Ansfelden. <\/p>\n\n\n\n<h3 class=\"wp-block-heading\">M\u00f6glichkeit zum Mitgestalten durch gemeinsame Sprache <\/h3>\n\n\n\n<p>B\u00fcrgermeister Manfred Baumberger motiviert und aktiviert: \u201eWir freuen uns, wenn Menschen die Chance nutzen sich weiterzubilden. Mit guten Kenntnissen in der deutschen Sprache legen Sie den Grundstein f\u00fcr eine \u00f6sterreichische Staatsb\u00fcrgerschaft. Damit wiederum k\u00f6nnen Sie auf demokratische Weise die Gesellschaft mitgestalten!\u201c Vizeb\u00fcrgermeisterin Andrea Hettich erg\u00e4nzt: \u201eWir freuen uns auf Ihre Ideen \u2013<br>und wenn wir dazu in einer gemeinsamen Sprache ins Gespr\u00e4ch kommen k\u00f6nnen!\u201c<\/p>\n\n\n\n<p><em>Erschienen in: Ansfeldner Gemeindenachrichten 736\/Juli 2014<\/em><\/p>\n","protected":false},"excerpt":{"rendered":"<p>Ansfelden investierte ab 2014 in gutes Zusammenleben. Als Referent f\u00fcr kommunales Zusammenleben verfasste ich auch f\u00fcr die Ansfeldner Gemeindenachrichten einen Bericht \u00fcber die neuen Sprachkurse vor Ort. <\/p>\n","protected":false},"author":1,"featured_media":0,"comment_status":"closed","ping_status":"open","sticky":false,"template":"","format":"standard","meta":{"footnotes":""},"categories":[3],"tags":[],"class_list":["post-182","post","type-post","status-publish","format-standard","hentry","category-wort"],"_links":{"self":[{"href":"http:\/\/dergreg.info\/g-kraftschik\/wp-json\/wp\/v2\/posts\/182","targetHints":{"allow":["GET"]}}],"collection":[{"href":"http:\/\/dergreg.info\/g-kraftschik\/wp-json\/wp\/v2\/posts"}],"about":[{"href":"http:\/\/dergreg.info\/g-kraftschik\/wp-json\/wp\/v2\/types\/post"}],"author":[{"embeddable":true,"href":"http:\/\/dergreg.info\/g-kraftschik\/wp-json\/wp\/v2\/users\/1"}],"replies":[{"embeddable":true,"href":"http:\/\/dergreg.info\/g-kraftschik\/wp-json\/wp\/v2\/comments?post=182"}],"version-history":[{"count":2,"href":"http:\/\/dergreg.info\/g-kraftschik\/wp-json\/wp\/v2\/posts\/182\/revisions"}],"predecessor-version":[{"id":194,"href":"http:\/\/dergreg.info\/g-kraftschik\/wp-json\/wp\/v2\/posts\/182\/revisions\/194"}],"wp:attachment":[{"href":"http:\/\/dergreg.info\/g-kraftschik\/wp-json\/wp\/v2\/media?parent=182"}],"wp:term":[{"taxonomy":"category","embeddable":true,"href":"http:\/\/dergreg.info\/g-kraftschik\/wp-json\/wp\/v2\/categories?post=182"},{"taxonomy":"post_tag","embeddable":true,"href":"http:\/\/dergreg.info\/g-kraftschik\/wp-json\/wp\/v2\/tags?post=182"}],"curies":[{"name":"wp","href":"https:\/\/api.w.org\/{rel}","templated":true}]}}